{"id":1829,"date":"2023-11-09T16:21:56","date_gmt":"2023-11-09T14:21:56","guid":{"rendered":"https:\/\/affectionate-carson.185-240-242-47.plesk.page\/?p=1829"},"modified":"2023-11-09T16:21:56","modified_gmt":"2023-11-09T14:21:56","slug":"wie-smart-ist-die-vte-en","status":"publish","type":"post","link":"https:\/\/combined-powers.com\/en\/wie-smart-ist-die-vte-en\/","title":{"rendered":"Wie smart ist die VTE? EN"},"content":{"rendered":"\r\n<p>Damit unsere Verfahrenstechnische Einheit (kurz VTE) effizient und vor allem sicher auf dem Feld agieren kann, statten wir sie mit der neusten Sensor- und Analysetechnik aus. Vieles davon befindet sich derzeit noch in der Entwicklung und wird im Testbetrieb fortlaufend weiterentwickelt.<\/p>\r\n\r\n\r\n\r\n<h2 class=\"wp-block-heading\"><strong>Vor welchen Herausforderungen stehen wir derzeit?\u00a0<\/strong><\/h2>\r\n\r\n\r\n\r\n<p>Die wohl gr\u00f6\u00dfte Herausforderung in der Entwicklung der VTE ist es, s\u00e4mtliche Gefahrenbereiche abdecken zu k\u00f6nnen &#8211; und das m\u00f6glichst pr\u00e4zise. Wie lassen sich zum Beispiel die unterschiedlichen Parameter von Acker- und Gr\u00fcnland mit verschiedenen Bewuchsh\u00f6hen maschinell verarbeiten? Und wie lassen sich Hindernisse im Bestand erkennen, die schon vom Menschen nur schwer zu erfassen sind? Dies sind die Fragen, mit denen wir uns in der Entwicklung besch\u00e4ftigen.\u00a0<\/p>\r\n\r\n\r\n\r\n<h2 class=\"wp-block-heading\"><strong>Welche Sensorik kommt dabei zum Einsatz?\u00a0<\/strong><\/h2>\r\n\r\n\r\n\r\n<p>Herzst\u00fcck der Sensorik, die in der VTE zum Einsatz kommt, ist das sog. LiDAR. Dabei handelt es sich um einen dreidimensionalen Laserscanner zur Messung von Abstand, Geschwindigkeit sowie Entfernung. Statt der Radiowellen wie beim Radar verwendet das LiDAR dazu pr\u00e4zise Laserstrahlen. Des Weiteren nutzen wir Stereo-Kameras, um in Echtzeit 3D-Karten der Topografie zu erstellen. Auch der Einsatz von klassischen Radar-Systemen und Ultraschall ist f\u00fcr die VTE denkbar und wird derzeit im Rahmen des Forschungsprojekts AI-TEST-FIELD untersucht.<\/p>\r\n\r\n\r\n\r\n<p>Hinzu kommt, dass wir derzeit auch die verschiedenen Anbauger\u00e4te von KRONE und LEMKEN mit weiterer Sensortechnik zur Bestimmung von St\u00f6rgr\u00f6\u00dfen und der Arbeitsqualit\u00e4t ausstatten. Ziel ist es, dadurch einen unterbrechungsfreien Arbeitsprozess bei gleichbleibender Arbeitsqualit\u00e4t auf dem Feld zu gew\u00e4hrleisten.<\/p>\r\n\r\n\r\n\r\n<p>&nbsp;<\/p>\r\n","protected":false},"excerpt":{"rendered":"<p>Damit unsere Verfahrenstechnische Einheit (kurz VTE) effizient und vor allem sicher auf dem Feld agieren kann, statten wir sie mit der neusten Sensor- und Analysetechnik aus. Vieles davon befindet sich derzeit noch in der Entwicklung und wird im Testbetrieb fortlaufend weiterentwickelt. Vor welchen Herausforderungen stehen wir derzeit?\u00a0 Die wohl gr\u00f6\u00dfte Herausforderung in der Entwicklung der [&hellip;]<\/p>\n","protected":false},"author":5,"featured_media":1390,"comment_status":"open","ping_status":"open","sticky":false,"template":"","format":"standard","meta":{"inline_featured_image":false,"footnotes":"","_links_to":"","_links_to_target":""},"categories":[1],"tags":[],"class_list":["post-1829","post","type-post","status-publish","format-standard","has-post-thumbnail","hentry","category-unkategorisiert","wpbf-post"],"yoast_head":"<!-- This site is optimized with the Yoast SEO plugin v27.5 - https:\/\/yoast.com\/product\/yoast-seo-wordpress\/ -->\n<title>Wie smart ist die VTE? EN - COMBINED POWERS<\/title>\n<meta name=\"robots\" content=\"index, follow, max-snippet:-1, max-image-preview:large, max-video-preview:-1\" \/>\n<link rel=\"canonical\" href=\"https:\/\/combined-powers.com\/en\/wie-smart-ist-die-vte-en\/\" \/>\n<meta property=\"og:locale\" content=\"en_US\" \/>\n<meta property=\"og:type\" content=\"article\" \/>\n<meta property=\"og:title\" content=\"Wie smart ist die VTE? EN - COMBINED POWERS\" \/>\n<meta property=\"og:description\" content=\"Damit unsere Verfahrenstechnische Einheit (kurz VTE) effizient und vor allem sicher auf dem Feld agieren kann, statten wir sie mit der neusten Sensor- und Analysetechnik aus. Vieles davon befindet sich derzeit noch in der Entwicklung und wird im Testbetrieb fortlaufend weiterentwickelt. Vor welchen Herausforderungen stehen wir derzeit?\u00a0 Die wohl gr\u00f6\u00dfte Herausforderung in der Entwicklung der [&hellip;]\" \/>\n<meta property=\"og:url\" content=\"https:\/\/combined-powers.com\/en\/wie-smart-ist-die-vte-en\/\" \/>\n<meta property=\"og:site_name\" content=\"COMBINED POWERS\" \/>\n<meta property=\"article:published_time\" content=\"2023-11-09T14:21:56+00:00\" \/>\n<meta property=\"og:image\" content=\"https:\/\/combined-powers.com\/wp-content\/uploads\/2022\/12\/Zeichenflaeche-\u2013-9.jpg\" \/>\n\t<meta property=\"og:image:width\" content=\"1600\" \/>\n\t<meta property=\"og:image:height\" content=\"949\" \/>\n\t<meta property=\"og:image:type\" content=\"image\/jpeg\" \/>\n<meta name=\"author\" content=\"coban\" \/>\n<meta name=\"twitter:card\" content=\"summary_large_image\" \/>\n<meta name=\"twitter:label1\" content=\"Written by\" \/>\n\t<meta name=\"twitter:data1\" content=\"coban\" \/>\n\t<meta name=\"twitter:label2\" content=\"Est. reading time\" \/>\n\t<meta name=\"twitter:data2\" content=\"2 minutes\" \/>\n<script type=\"application\/ld+json\" class=\"yoast-schema-graph\">{\"@context\":\"https:\\\/\\\/schema.org\",\"@graph\":[{\"@type\":\"Article\",\"@id\":\"https:\\\/\\\/combined-powers.com\\\/en\\\/wie-smart-ist-die-vte-en\\\/#article\",\"isPartOf\":{\"@id\":\"https:\\\/\\\/combined-powers.com\\\/en\\\/wie-smart-ist-die-vte-en\\\/\"},\"author\":{\"name\":\"coban\",\"@id\":\"https:\\\/\\\/combined-powers.com\\\/#\\\/schema\\\/person\\\/424ff2cc6471d422e1aeb24fb6a54efe\"},\"headline\":\"Wie smart ist die VTE? EN\",\"datePublished\":\"2023-11-09T14:21:56+00:00\",\"mainEntityOfPage\":{\"@id\":\"https:\\\/\\\/combined-powers.com\\\/en\\\/wie-smart-ist-die-vte-en\\\/\"},\"wordCount\":259,\"commentCount\":0,\"image\":{\"@id\":\"https:\\\/\\\/combined-powers.com\\\/en\\\/wie-smart-ist-die-vte-en\\\/#primaryimage\"},\"thumbnailUrl\":\"https:\\\/\\\/combined-powers.com\\\/wp-content\\\/uploads\\\/2022\\\/12\\\/Zeichenflaeche-\u2013-9.jpg\",\"articleSection\":[\"Unkategorisiert\"],\"inLanguage\":\"en-US\",\"potentialAction\":[{\"@type\":\"CommentAction\",\"name\":\"Comment\",\"target\":[\"https:\\\/\\\/combined-powers.com\\\/en\\\/wie-smart-ist-die-vte-en\\\/#respond\"]}]},{\"@type\":\"WebPage\",\"@id\":\"https:\\\/\\\/combined-powers.com\\\/en\\\/wie-smart-ist-die-vte-en\\\/\",\"url\":\"https:\\\/\\\/combined-powers.com\\\/en\\\/wie-smart-ist-die-vte-en\\\/\",\"name\":\"Wie smart ist die VTE? EN - COMBINED POWERS\",\"isPartOf\":{\"@id\":\"https:\\\/\\\/combined-powers.com\\\/#website\"},\"primaryImageOfPage\":{\"@id\":\"https:\\\/\\\/combined-powers.com\\\/en\\\/wie-smart-ist-die-vte-en\\\/#primaryimage\"},\"image\":{\"@id\":\"https:\\\/\\\/combined-powers.com\\\/en\\\/wie-smart-ist-die-vte-en\\\/#primaryimage\"},\"thumbnailUrl\":\"https:\\\/\\\/combined-powers.com\\\/wp-content\\\/uploads\\\/2022\\\/12\\\/Zeichenflaeche-\u2013-9.jpg\",\"datePublished\":\"2023-11-09T14:21:56+00:00\",\"author\":{\"@id\":\"https:\\\/\\\/combined-powers.com\\\/#\\\/schema\\\/person\\\/424ff2cc6471d422e1aeb24fb6a54efe\"},\"breadcrumb\":{\"@id\":\"https:\\\/\\\/combined-powers.com\\\/en\\\/wie-smart-ist-die-vte-en\\\/#breadcrumb\"},\"inLanguage\":\"en-US\",\"potentialAction\":[{\"@type\":\"ReadAction\",\"target\":[\"https:\\\/\\\/combined-powers.com\\\/en\\\/wie-smart-ist-die-vte-en\\\/\"]}]},{\"@type\":\"ImageObject\",\"inLanguage\":\"en-US\",\"@id\":\"https:\\\/\\\/combined-powers.com\\\/en\\\/wie-smart-ist-die-vte-en\\\/#primaryimage\",\"url\":\"https:\\\/\\\/combined-powers.com\\\/wp-content\\\/uploads\\\/2022\\\/12\\\/Zeichenflaeche-\u2013-9.jpg\",\"contentUrl\":\"https:\\\/\\\/combined-powers.com\\\/wp-content\\\/uploads\\\/2022\\\/12\\\/Zeichenflaeche-\u2013-9.jpg\",\"width\":1600,\"height\":949},{\"@type\":\"BreadcrumbList\",\"@id\":\"https:\\\/\\\/combined-powers.com\\\/en\\\/wie-smart-ist-die-vte-en\\\/#breadcrumb\",\"itemListElement\":[{\"@type\":\"ListItem\",\"position\":1,\"name\":\"Home\",\"item\":\"https:\\\/\\\/combined-powers.com\\\/en\\\/\"},{\"@type\":\"ListItem\",\"position\":2,\"name\":\"Wie smart ist die VTE? EN\"}]},{\"@type\":\"WebSite\",\"@id\":\"https:\\\/\\\/combined-powers.com\\\/#website\",\"url\":\"https:\\\/\\\/combined-powers.com\\\/\",\"name\":\"COMBINED POWERS\",\"description\":\"THE NEXT LEVEL IN AGRICULTURE AUTOMATION\",\"potentialAction\":[{\"@type\":\"SearchAction\",\"target\":{\"@type\":\"EntryPoint\",\"urlTemplate\":\"https:\\\/\\\/combined-powers.com\\\/?s={search_term_string}\"},\"query-input\":{\"@type\":\"PropertyValueSpecification\",\"valueRequired\":true,\"valueName\":\"search_term_string\"}}],\"inLanguage\":\"en-US\"},{\"@type\":\"Person\",\"@id\":\"https:\\\/\\\/combined-powers.com\\\/#\\\/schema\\\/person\\\/424ff2cc6471d422e1aeb24fb6a54efe\",\"name\":\"coban\",\"url\":\"https:\\\/\\\/combined-powers.com\\\/en\\\/author\\\/coban\\\/\"}]}<\/script>\n<!-- \/ Yoast SEO plugin. -->","yoast_head_json":{"title":"Wie smart ist die VTE? EN - COMBINED POWERS","robots":{"index":"index","follow":"follow","max-snippet":"max-snippet:-1","max-image-preview":"max-image-preview:large","max-video-preview":"max-video-preview:-1"},"canonical":"https:\/\/combined-powers.com\/en\/wie-smart-ist-die-vte-en\/","og_locale":"en_US","og_type":"article","og_title":"Wie smart ist die VTE? EN - COMBINED POWERS","og_description":"Damit unsere Verfahrenstechnische Einheit (kurz VTE) effizient und vor allem sicher auf dem Feld agieren kann, statten wir sie mit der neusten Sensor- und Analysetechnik aus. Vieles davon befindet sich derzeit noch in der Entwicklung und wird im Testbetrieb fortlaufend weiterentwickelt. Vor welchen Herausforderungen stehen wir derzeit?\u00a0 Die wohl gr\u00f6\u00dfte Herausforderung in der Entwicklung der [&hellip;]","og_url":"https:\/\/combined-powers.com\/en\/wie-smart-ist-die-vte-en\/","og_site_name":"COMBINED POWERS","article_published_time":"2023-11-09T14:21:56+00:00","og_image":[{"width":1600,"height":949,"url":"https:\/\/combined-powers.com\/wp-content\/uploads\/2022\/12\/Zeichenflaeche-\u2013-9.jpg","type":"image\/jpeg"}],"author":"coban","twitter_card":"summary_large_image","twitter_misc":{"Written by":"coban","Est. reading time":"2 minutes"},"schema":{"@context":"https:\/\/schema.org","@graph":[{"@type":"Article","@id":"https:\/\/combined-powers.com\/en\/wie-smart-ist-die-vte-en\/#article","isPartOf":{"@id":"https:\/\/combined-powers.com\/en\/wie-smart-ist-die-vte-en\/"},"author":{"name":"coban","@id":"https:\/\/combined-powers.com\/#\/schema\/person\/424ff2cc6471d422e1aeb24fb6a54efe"},"headline":"Wie smart ist die VTE? EN","datePublished":"2023-11-09T14:21:56+00:00","mainEntityOfPage":{"@id":"https:\/\/combined-powers.com\/en\/wie-smart-ist-die-vte-en\/"},"wordCount":259,"commentCount":0,"image":{"@id":"https:\/\/combined-powers.com\/en\/wie-smart-ist-die-vte-en\/#primaryimage"},"thumbnailUrl":"https:\/\/combined-powers.com\/wp-content\/uploads\/2022\/12\/Zeichenflaeche-\u2013-9.jpg","articleSection":["Unkategorisiert"],"inLanguage":"en-US","potentialAction":[{"@type":"CommentAction","name":"Comment","target":["https:\/\/combined-powers.com\/en\/wie-smart-ist-die-vte-en\/#respond"]}]},{"@type":"WebPage","@id":"https:\/\/combined-powers.com\/en\/wie-smart-ist-die-vte-en\/","url":"https:\/\/combined-powers.com\/en\/wie-smart-ist-die-vte-en\/","name":"Wie smart ist die VTE? EN - COMBINED POWERS","isPartOf":{"@id":"https:\/\/combined-powers.com\/#website"},"primaryImageOfPage":{"@id":"https:\/\/combined-powers.com\/en\/wie-smart-ist-die-vte-en\/#primaryimage"},"image":{"@id":"https:\/\/combined-powers.com\/en\/wie-smart-ist-die-vte-en\/#primaryimage"},"thumbnailUrl":"https:\/\/combined-powers.com\/wp-content\/uploads\/2022\/12\/Zeichenflaeche-\u2013-9.jpg","datePublished":"2023-11-09T14:21:56+00:00","author":{"@id":"https:\/\/combined-powers.com\/#\/schema\/person\/424ff2cc6471d422e1aeb24fb6a54efe"},"breadcrumb":{"@id":"https:\/\/combined-powers.com\/en\/wie-smart-ist-die-vte-en\/#breadcrumb"},"inLanguage":"en-US","potentialAction":[{"@type":"ReadAction","target":["https:\/\/combined-powers.com\/en\/wie-smart-ist-die-vte-en\/"]}]},{"@type":"ImageObject","inLanguage":"en-US","@id":"https:\/\/combined-powers.com\/en\/wie-smart-ist-die-vte-en\/#primaryimage","url":"https:\/\/combined-powers.com\/wp-content\/uploads\/2022\/12\/Zeichenflaeche-\u2013-9.jpg","contentUrl":"https:\/\/combined-powers.com\/wp-content\/uploads\/2022\/12\/Zeichenflaeche-\u2013-9.jpg","width":1600,"height":949},{"@type":"BreadcrumbList","@id":"https:\/\/combined-powers.com\/en\/wie-smart-ist-die-vte-en\/#breadcrumb","itemListElement":[{"@type":"ListItem","position":1,"name":"Home","item":"https:\/\/combined-powers.com\/en\/"},{"@type":"ListItem","position":2,"name":"Wie smart ist die VTE? EN"}]},{"@type":"WebSite","@id":"https:\/\/combined-powers.com\/#website","url":"https:\/\/combined-powers.com\/","name":"COMBINED POWERS","description":"THE NEXT LEVEL IN AGRICULTURE AUTOMATION","potentialAction":[{"@type":"SearchAction","target":{"@type":"EntryPoint","urlTemplate":"https:\/\/combined-powers.com\/?s={search_term_string}"},"query-input":{"@type":"PropertyValueSpecification","valueRequired":true,"valueName":"search_term_string"}}],"inLanguage":"en-US"},{"@type":"Person","@id":"https:\/\/combined-powers.com\/#\/schema\/person\/424ff2cc6471d422e1aeb24fb6a54efe","name":"coban","url":"https:\/\/combined-powers.com\/en\/author\/coban\/"}]}},"_links":{"self":[{"href":"https:\/\/combined-powers.com\/en\/wp-json\/wp\/v2\/posts\/1829","targetHints":{"allow":["GET"]}}],"collection":[{"href":"https:\/\/combined-powers.com\/en\/wp-json\/wp\/v2\/posts"}],"about":[{"href":"https:\/\/combined-powers.com\/en\/wp-json\/wp\/v2\/types\/post"}],"author":[{"embeddable":true,"href":"https:\/\/combined-powers.com\/en\/wp-json\/wp\/v2\/users\/5"}],"replies":[{"embeddable":true,"href":"https:\/\/combined-powers.com\/en\/wp-json\/wp\/v2\/comments?post=1829"}],"version-history":[{"count":1,"href":"https:\/\/combined-powers.com\/en\/wp-json\/wp\/v2\/posts\/1829\/revisions"}],"predecessor-version":[{"id":1830,"href":"https:\/\/combined-powers.com\/en\/wp-json\/wp\/v2\/posts\/1829\/revisions\/1830"}],"wp:featuredmedia":[{"embeddable":true,"href":"https:\/\/combined-powers.com\/en\/wp-json\/wp\/v2\/media\/1390"}],"wp:attachment":[{"href":"https:\/\/combined-powers.com\/en\/wp-json\/wp\/v2\/media?parent=1829"}],"wp:term":[{"taxonomy":"category","embeddable":true,"href":"https:\/\/combined-powers.com\/en\/wp-json\/wp\/v2\/categories?post=1829"},{"taxonomy":"post_tag","embeddable":true,"href":"https:\/\/combined-powers.com\/en\/wp-json\/wp\/v2\/tags?post=1829"}],"curies":[{"name":"wp","href":"https:\/\/api.w.org\/{rel}","templated":true}]}}